{"id":2219,"date":"2020-04-24T12:22:43","date_gmt":"2020-04-24T19:22:43","guid":{"rendered":"http:\/\/mex.20.83.180.136.nip.io\/?p=2219"},"modified":"2020-04-24T12:22:43","modified_gmt":"2020-04-24T19:22:43","slug":"berrymex-se-solidariza-con-la-comunidades-de-mazamitla-y-jocotepec","status":"publish","type":"post","link":"https:\/\/www.berry.net\/mex\/berrymex-se-solidariza-con-la-comunidades-de-mazamitla-y-jocotepec\/","title":{"rendered":"BerryMex se Solidariza con la Comunidades de Mazamitla y Jocotepec"},"content":{"rendered":"<p style=\"text-align: center;\"><em>Mediante la donaci\u00f3n de material m\u00e9dico y despensas, BerryMex apoya a la<br \/>\ncomunidad de\u00a0Jocotepec y Mazamitla durante estos complejos momentos.<\/em><\/p>\n<p><strong>Jocotepec, Jalisco a 27 de abril 2020. <\/strong>Con el fin de continuar apoyando en estos dif\u00edciles momentos y en l\u00ednea con su misi\u00f3n por deleitar a los consumidores y contribuir a la prosperidad de los empleados y comunidades, BerryMex realiz\u00f3 un donativo de material m\u00e9dico a la comunidad de Mazamitla y a la cl\u00ednica 180 del IMSS Jocotepec, como as\u00ed tambi\u00e9n, despensas al DIF Municipal de Jocotepec para ser parte de la soluci\u00f3n y salir adelante de estas circunstancias que afectan tanto a colaboradores, familias y sociedad.<\/p>\n<p>Algunos de los insumos donados por la compa\u00f1\u00eda y que permitir\u00e1n fortalecer la capacidad de estas instituciones de salud son:<\/p>\n<ul>\n<li>125 overoles desechables esterilizados<\/li>\n<li>500 cubrebocas desechables<\/li>\n<li>100 despensas<\/li>\n<\/ul>\n<p>El presidente municipal de Jocotepec, Jos\u00e9 Miguel G\u00f3mez L\u00f3pez agradeci\u00f3 la aportaci\u00f3n de BerryMex, la cual describi\u00f3 como esencial para ayudar a la poblaci\u00f3n a salir adelante, y se\u00f1al\u00f3 \u201cla importancia de sumar gobierno, sociedad y empresa en estos momentos dif\u00edciles\u201d.<\/p>\n<p>Por otro lado, Adriana Avi\u00f1a, asistente de Producci\u00f3n en Jocotepec, quien tambi\u00e9n es secretaria del Comit\u00e9 de Involucramiento Comunitario de Jocotepec coment\u00f3 que \u201cBerryMex se hace presente en los momentos dif\u00edciles en la comunidad y que la donaci\u00f3n de despensas tiene como fin subsidiar el gasto de las personas y dar un gran beneficio a las familias\u201d.<\/p>\n<p>Carlos Ochoa, director de Operaciones de BerryMex en Jocotepec, se\u00f1al\u00f3 la relevancia del Comit\u00e9 de Filantrop\u00eda de la empresa para la comunidad en promover acciones y actividades que sean factores de cambio e impulsen a la sociedad durante estos momentos de contingencia.<\/p>\n<p>Tambi\u00e9n coment\u00f3 que \u201cSabemos que nuestra responsabilidad no s\u00f3lo es en los campos, sino tambi\u00e9n con la sociedad, por lo que estamos comprometidos con nuestras comunidades para apoyar y colaborar con las distintas instituciones que est\u00e1n trabajando para hacerle frente a la situaci\u00f3n a la que nos estamos enfrentando. Por ello, quiero agradecer a nombre de toda la familia BerryMex, a todos los h\u00e9roes que est\u00e1n tanto en los campos como en las cl\u00ednicas de salud, por quienes hoy estamos saliendo adelante\u201d.<\/p>\n<p>BerryMex guiada por sus valores de Honestidad, Equidad y Respeto, refrenda su compromiso con sus colaboradores y sus comunidades, por lo que seguir\u00e1 trabajando para reforzar las medidas de prevenci\u00f3n sanitarias en todas sus operaciones, para garantizar la seguridad y bienestar de su gente.<\/p>\n","protected":false},"excerpt":{"rendered":"<p>Mediante la donaci\u00f3n de material m\u00e9dico y despensas, BerryMex apoya a la comunidad de\u00a0Jocotepec y Mazamitla durante estos complejos momentos. Jocotepec, Jalisco a 27 de abril 2020. Con el fin de continuar apoyando en estos [&hellip;] <a class=\"read-more\" href=\"https:\/\/www.berry.net\/mex\/berrymex-se-solidariza-con-la-comunidades-de-mazamitla-y-jocotepec\/\">Leer mas<\/a><\/p>\n","protected":false},"author":5,"featured_media":2220,"comment_status":"closed","ping_status":"closed","sticky":false,"template":"","format":"standard","meta":{"footnotes":""},"categories":[50],"tags":[],"class_list":["post-2219","post","type-post","status-publish","format-standard","has-post-thumbnail","hentry","category-prensa","wpautop"],"yoast_head":"<!-- This site is optimized with the Yoast SEO plugin v27.9 - https:\/\/yoast.com\/product\/yoast-seo-wordpress\/ -->\n<title>BerryMex se Solidariza con la Comunidades de Mazamitla y Jocotepec - BerryMex<\/title>\n<meta name=\"robots\" content=\"index, follow, max-snippet:-1, max-image-preview:large, max-video-preview:-1\" \/>\n<link rel=\"canonical\" href=\"https:\/\/www.berry.net\/mex\/berrymex-se-solidariza-con-la-comunidades-de-mazamitla-y-jocotepec\/\" \/>\n<meta name=\"twitter:label1\" content=\"Escrito por\" \/>\n\t<meta name=\"twitter:data1\" content=\"RAC\" \/>\n\t<meta name=\"twitter:label2\" content=\"Tiempo de lectura\" \/>\n\t<meta name=\"twitter:data2\" content=\"2 minutos\" \/>\n<script type=\"application\/ld+json\" class=\"yoast-schema-graph\">{\"@context\":\"https:\\\/\\\/schema.org\",\"@graph\":[{\"@type\":\"Article\",\"@id\":\"https:\\\/\\\/www.berry.net\\\/mex\\\/berrymex-se-solidariza-con-la-comunidades-de-mazamitla-y-jocotepec\\\/#article\",\"isPartOf\":{\"@id\":\"https:\\\/\\\/www.berry.net\\\/mex\\\/berrymex-se-solidariza-con-la-comunidades-de-mazamitla-y-jocotepec\\\/\"},\"author\":{\"name\":\"RAC\",\"@id\":\"https:\\\/\\\/www.berry.net\\\/mex\\\/#\\\/schema\\\/person\\\/d7bc9f5b63434889551c95afe605e18a\"},\"headline\":\"BerryMex se Solidariza con la Comunidades de Mazamitla y Jocotepec\",\"datePublished\":\"2020-04-24T19:22:43+00:00\",\"mainEntityOfPage\":{\"@id\":\"https:\\\/\\\/www.berry.net\\\/mex\\\/berrymex-se-solidariza-con-la-comunidades-de-mazamitla-y-jocotepec\\\/\"},\"wordCount\":440,\"image\":{\"@id\":\"https:\\\/\\\/www.berry.net\\\/mex\\\/berrymex-se-solidariza-con-la-comunidades-de-mazamitla-y-jocotepec\\\/#primaryimage\"},\"thumbnailUrl\":\"https:\\\/\\\/www.berry.net\\\/mex\\\/wp-content\\\/uploads\\\/sites\\\/2\\\/2020\\\/04\\\/article-4-24.jpg\",\"articleSection\":[\"Prensa\"],\"inLanguage\":\"es\"},{\"@type\":\"WebPage\",\"@id\":\"https:\\\/\\\/www.berry.net\\\/mex\\\/berrymex-se-solidariza-con-la-comunidades-de-mazamitla-y-jocotepec\\\/\",\"url\":\"https:\\\/\\\/www.berry.net\\\/mex\\\/berrymex-se-solidariza-con-la-comunidades-de-mazamitla-y-jocotepec\\\/\",\"name\":\"BerryMex se Solidariza con la Comunidades de Mazamitla y Jocotepec - BerryMex\",\"isPartOf\":{\"@id\":\"https:\\\/\\\/www.berry.net\\\/mex\\\/#website\"},\"primaryImageOfPage\":{\"@id\":\"https:\\\/\\\/www.berry.net\\\/mex\\\/berrymex-se-solidariza-con-la-comunidades-de-mazamitla-y-jocotepec\\\/#primaryimage\"},\"image\":{\"@id\":\"https:\\\/\\\/www.berry.net\\\/mex\\\/berrymex-se-solidariza-con-la-comunidades-de-mazamitla-y-jocotepec\\\/#primaryimage\"},\"thumbnailUrl\":\"https:\\\/\\\/www.berry.net\\\/mex\\\/wp-content\\\/uploads\\\/sites\\\/2\\\/2020\\\/04\\\/article-4-24.jpg\",\"datePublished\":\"2020-04-24T19:22:43+00:00\",\"author\":{\"@id\":\"https:\\\/\\\/www.berry.net\\\/mex\\\/#\\\/schema\\\/person\\\/d7bc9f5b63434889551c95afe605e18a\"},\"breadcrumb\":{\"@id\":\"https:\\\/\\\/www.berry.net\\\/mex\\\/berrymex-se-solidariza-con-la-comunidades-de-mazamitla-y-jocotepec\\\/#breadcrumb\"},\"inLanguage\":\"es\",\"potentialAction\":[{\"@type\":\"ReadAction\",\"target\":[\"https:\\\/\\\/www.berry.net\\\/mex\\\/berrymex-se-solidariza-con-la-comunidades-de-mazamitla-y-jocotepec\\\/\"]}]},{\"@type\":\"ImageObject\",\"inLanguage\":\"es\",\"@id\":\"https:\\\/\\\/www.berry.net\\\/mex\\\/berrymex-se-solidariza-con-la-comunidades-de-mazamitla-y-jocotepec\\\/#primaryimage\",\"url\":\"https:\\\/\\\/www.berry.net\\\/mex\\\/wp-content\\\/uploads\\\/sites\\\/2\\\/2020\\\/04\\\/article-4-24.jpg\",\"contentUrl\":\"https:\\\/\\\/www.berry.net\\\/mex\\\/wp-content\\\/uploads\\\/sites\\\/2\\\/2020\\\/04\\\/article-4-24.jpg\",\"width\":640,\"height\":414},{\"@type\":\"BreadcrumbList\",\"@id\":\"https:\\\/\\\/www.berry.net\\\/mex\\\/berrymex-se-solidariza-con-la-comunidades-de-mazamitla-y-jocotepec\\\/#breadcrumb\",\"itemListElement\":[{\"@type\":\"ListItem\",\"position\":1,\"name\":\"Home\",\"item\":\"https:\\\/\\\/www.berry.net\\\/mex\\\/\"},{\"@type\":\"ListItem\",\"position\":2,\"name\":\"BerryMex se Solidariza con la Comunidades de Mazamitla y Jocotepec\"}]},{\"@type\":\"WebSite\",\"@id\":\"https:\\\/\\\/www.berry.net\\\/mex\\\/#website\",\"url\":\"https:\\\/\\\/www.berry.net\\\/mex\\\/\",\"name\":\"BerryMex\",\"description\":\"\",\"potentialAction\":[{\"@type\":\"SearchAction\",\"target\":{\"@type\":\"EntryPoint\",\"urlTemplate\":\"https:\\\/\\\/www.berry.net\\\/mex\\\/?s={search_term_string}\"},\"query-input\":{\"@type\":\"PropertyValueSpecification\",\"valueRequired\":true,\"valueName\":\"search_term_string\"}}],\"inLanguage\":\"es\"},{\"@type\":\"Person\",\"@id\":\"https:\\\/\\\/www.berry.net\\\/mex\\\/#\\\/schema\\\/person\\\/d7bc9f5b63434889551c95afe605e18a\",\"name\":\"RAC\",\"url\":\"https:\\\/\\\/www.berry.net\\\/mex\\\/author\\\/mari\\\/\"}]}<\/script>\n<!-- \/ Yoast SEO plugin. -->","yoast_head_json":{"title":"BerryMex se Solidariza con la Comunidades de Mazamitla y Jocotepec - BerryMex","robots":{"index":"index","follow":"follow","max-snippet":"max-snippet:-1","max-image-preview":"max-image-preview:large","max-video-preview":"max-video-preview:-1"},"canonical":"https:\/\/www.berry.net\/mex\/berrymex-se-solidariza-con-la-comunidades-de-mazamitla-y-jocotepec\/","twitter_misc":{"Escrito por":"RAC","Tiempo de lectura":"2 minutos"},"schema":{"@context":"https:\/\/schema.org","@graph":[{"@type":"Article","@id":"https:\/\/www.berry.net\/mex\/berrymex-se-solidariza-con-la-comunidades-de-mazamitla-y-jocotepec\/#article","isPartOf":{"@id":"https:\/\/www.berry.net\/mex\/berrymex-se-solidariza-con-la-comunidades-de-mazamitla-y-jocotepec\/"},"author":{"name":"RAC","@id":"https:\/\/www.berry.net\/mex\/#\/schema\/person\/d7bc9f5b63434889551c95afe605e18a"},"headline":"BerryMex se Solidariza con la Comunidades de Mazamitla y Jocotepec","datePublished":"2020-04-24T19:22:43+00:00","mainEntityOfPage":{"@id":"https:\/\/www.berry.net\/mex\/berrymex-se-solidariza-con-la-comunidades-de-mazamitla-y-jocotepec\/"},"wordCount":440,"image":{"@id":"https:\/\/www.berry.net\/mex\/berrymex-se-solidariza-con-la-comunidades-de-mazamitla-y-jocotepec\/#primaryimage"},"thumbnailUrl":"https:\/\/www.berry.net\/mex\/wp-content\/uploads\/sites\/2\/2020\/04\/article-4-24.jpg","articleSection":["Prensa"],"inLanguage":"es"},{"@type":"WebPage","@id":"https:\/\/www.berry.net\/mex\/berrymex-se-solidariza-con-la-comunidades-de-mazamitla-y-jocotepec\/","url":"https:\/\/www.berry.net\/mex\/berrymex-se-solidariza-con-la-comunidades-de-mazamitla-y-jocotepec\/","name":"BerryMex se Solidariza con la Comunidades de Mazamitla y Jocotepec - BerryMex","isPartOf":{"@id":"https:\/\/www.berry.net\/mex\/#website"},"primaryImageOfPage":{"@id":"https:\/\/www.berry.net\/mex\/berrymex-se-solidariza-con-la-comunidades-de-mazamitla-y-jocotepec\/#primaryimage"},"image":{"@id":"https:\/\/www.berry.net\/mex\/berrymex-se-solidariza-con-la-comunidades-de-mazamitla-y-jocotepec\/#primaryimage"},"thumbnailUrl":"https:\/\/www.berry.net\/mex\/wp-content\/uploads\/sites\/2\/2020\/04\/article-4-24.jpg","datePublished":"2020-04-24T19:22:43+00:00","author":{"@id":"https:\/\/www.berry.net\/mex\/#\/schema\/person\/d7bc9f5b63434889551c95afe605e18a"},"breadcrumb":{"@id":"https:\/\/www.berry.net\/mex\/berrymex-se-solidariza-con-la-comunidades-de-mazamitla-y-jocotepec\/#breadcrumb"},"inLanguage":"es","potentialAction":[{"@type":"ReadAction","target":["https:\/\/www.berry.net\/mex\/berrymex-se-solidariza-con-la-comunidades-de-mazamitla-y-jocotepec\/"]}]},{"@type":"ImageObject","inLanguage":"es","@id":"https:\/\/www.berry.net\/mex\/berrymex-se-solidariza-con-la-comunidades-de-mazamitla-y-jocotepec\/#primaryimage","url":"https:\/\/www.berry.net\/mex\/wp-content\/uploads\/sites\/2\/2020\/04\/article-4-24.jpg","contentUrl":"https:\/\/www.berry.net\/mex\/wp-content\/uploads\/sites\/2\/2020\/04\/article-4-24.jpg","width":640,"height":414},{"@type":"BreadcrumbList","@id":"https:\/\/www.berry.net\/mex\/berrymex-se-solidariza-con-la-comunidades-de-mazamitla-y-jocotepec\/#breadcrumb","itemListElement":[{"@type":"ListItem","position":1,"name":"Home","item":"https:\/\/www.berry.net\/mex\/"},{"@type":"ListItem","position":2,"name":"BerryMex se Solidariza con la Comunidades de Mazamitla y Jocotepec"}]},{"@type":"WebSite","@id":"https:\/\/www.berry.net\/mex\/#website","url":"https:\/\/www.berry.net\/mex\/","name":"BerryMex","description":"","potentialAction":[{"@type":"SearchAction","target":{"@type":"EntryPoint","urlTemplate":"https:\/\/www.berry.net\/mex\/?s={search_term_string}"},"query-input":{"@type":"PropertyValueSpecification","valueRequired":true,"valueName":"search_term_string"}}],"inLanguage":"es"},{"@type":"Person","@id":"https:\/\/www.berry.net\/mex\/#\/schema\/person\/d7bc9f5b63434889551c95afe605e18a","name":"RAC","url":"https:\/\/www.berry.net\/mex\/author\/mari\/"}]}},"_links":{"self":[{"href":"https:\/\/www.berry.net\/mex\/wp-json\/wp\/v2\/posts\/2219","targetHints":{"allow":["GET"]}}],"collection":[{"href":"https:\/\/www.berry.net\/mex\/wp-json\/wp\/v2\/posts"}],"about":[{"href":"https:\/\/www.berry.net\/mex\/wp-json\/wp\/v2\/types\/post"}],"author":[{"embeddable":true,"href":"https:\/\/www.berry.net\/mex\/wp-json\/wp\/v2\/users\/5"}],"replies":[{"embeddable":true,"href":"https:\/\/www.berry.net\/mex\/wp-json\/wp\/v2\/comments?post=2219"}],"version-history":[{"count":1,"href":"https:\/\/www.berry.net\/mex\/wp-json\/wp\/v2\/posts\/2219\/revisions"}],"predecessor-version":[{"id":2221,"href":"https:\/\/www.berry.net\/mex\/wp-json\/wp\/v2\/posts\/2219\/revisions\/2221"}],"wp:featuredmedia":[{"embeddable":true,"href":"https:\/\/www.berry.net\/mex\/wp-json\/wp\/v2\/media\/2220"}],"wp:attachment":[{"href":"https:\/\/www.berry.net\/mex\/wp-json\/wp\/v2\/media?parent=2219"}],"wp:term":[{"taxonomy":"category","embeddable":true,"href":"https:\/\/www.berry.net\/mex\/wp-json\/wp\/v2\/categories?post=2219"},{"taxonomy":"post_tag","embeddable":true,"href":"https:\/\/www.berry.net\/mex\/wp-json\/wp\/v2\/tags?post=2219"}],"curies":[{"name":"wp","href":"https:\/\/api.w.org\/{rel}","templated":true}]}}