{"id":1935,"date":"2018-07-26T10:13:54","date_gmt":"2018-07-26T17:13:54","guid":{"rendered":"http:\/\/mex.20.83.180.136.nip.io\/?p=1935"},"modified":"2018-07-26T10:13:54","modified_gmt":"2018-07-26T17:13:54","slug":"iniciara-manana-la-feria-dental-en-san-quintin","status":"publish","type":"post","link":"https:\/\/www.berry.net\/mex\/iniciara-manana-la-feria-dental-en-san-quintin\/","title":{"rendered":"Iniciar\u00e1 ma\u00f1ana la feria dental en San Quint\u00edn"},"content":{"rendered":"<p>SAN QUINT\u00cdN.- Como parte de sus acciones para beneficiar a los trabajadores, empresas afiliadas al distintivo \u201cFair Trade\u201d en coordinaci\u00f3n con la Secretar\u00eda de Salud de Baja California realizar\u00e1n a partir de ma\u00f1ana una feria dental en San Quint\u00edn.<\/p>\n<p>Esta feria se desarrollar\u00e1 los d\u00edas s\u00e1bado 7, domingo 8 y lunes 9 de julio, en las instalaciones del Centro de Bachillerato Tecnol\u00f3gico Agropecuario (CBTA) 146 de San Quint\u00edn, en un horario de 8:00 de la ma\u00f1ana a 2:00 de la tarde.<\/p>\n<p>La feria tiene como objetivo atender los principales padecimientos de la poblaci\u00f3n con tratamientos preventivos y curativos especializados que incluyen desde limpiezas dentales b\u00e1sicas, resinas, extracciones y hasta cirug\u00edas o rehabilitaci\u00f3n en el Hospital General.<\/p>\n<p>Por su parte, la representante de la IV Jurisdicci\u00f3n Sanitaria de Isesalud, Mar\u00eda del Consuelo Monroy Ibarra, inform\u00f3 que la poblaci\u00f3n ser\u00e1 atendida por 90 cirujanos dentistas, cuatro especialistas en Odontopediatr\u00eda enfocados en atenci\u00f3n a pacientes con discapacidad psicomotriz y S\u00edndrome de Down.<\/p>\n<p>M\u00e1s informaci\u00f3n en la edici\u00f3n impresa.<\/p>\n","protected":false},"excerpt":{"rendered":"<p>SAN QUINT\u00cdN.- Como parte de sus acciones para beneficiar a los trabajadores, empresas afiliadas al distintivo \u201cFair Trade\u201d en coordinaci\u00f3n con la Secretar\u00eda de Salud de Baja California realizar\u00e1n a partir de ma\u00f1ana una feria [&hellip;] <a class=\"read-more\" href=\"https:\/\/www.berry.net\/mex\/iniciara-manana-la-feria-dental-en-san-quintin\/\">Leer mas<\/a><\/p>\n","protected":false},"author":5,"featured_media":1937,"comment_status":"closed","ping_status":"closed","sticky":false,"template":"","format":"standard","meta":{"footnotes":""},"categories":[50],"tags":[],"class_list":["post-1935","post","type-post","status-publish","format-standard","has-post-thumbnail","hentry","category-prensa","wpautop"],"yoast_head":"<!-- This site is optimized with the Yoast SEO plugin v27.9 - https:\/\/yoast.com\/product\/yoast-seo-wordpress\/ -->\n<title>Iniciar\u00e1 ma\u00f1ana la feria dental en San Quint\u00edn - BerryMex<\/title>\n<meta name=\"robots\" content=\"index, follow, max-snippet:-1, max-image-preview:large, max-video-preview:-1\" \/>\n<link rel=\"canonical\" href=\"https:\/\/www.berry.net\/mex\/iniciara-manana-la-feria-dental-en-san-quintin\/\" \/>\n<meta name=\"twitter:label1\" content=\"Escrito por\" \/>\n\t<meta name=\"twitter:data1\" content=\"RAC\" \/>\n\t<meta name=\"twitter:label2\" content=\"Tiempo de lectura\" \/>\n\t<meta name=\"twitter:data2\" content=\"1 minuto\" \/>\n<script type=\"application\/ld+json\" class=\"yoast-schema-graph\">{\"@context\":\"https:\\\/\\\/schema.org\",\"@graph\":[{\"@type\":\"Article\",\"@id\":\"https:\\\/\\\/www.berry.net\\\/mex\\\/iniciara-manana-la-feria-dental-en-san-quintin\\\/#article\",\"isPartOf\":{\"@id\":\"https:\\\/\\\/www.berry.net\\\/mex\\\/iniciara-manana-la-feria-dental-en-san-quintin\\\/\"},\"author\":{\"name\":\"RAC\",\"@id\":\"https:\\\/\\\/www.berry.net\\\/mex\\\/#\\\/schema\\\/person\\\/d7bc9f5b63434889551c95afe605e18a\"},\"headline\":\"Iniciar\u00e1 ma\u00f1ana la feria dental en San Quint\u00edn\",\"datePublished\":\"2018-07-26T17:13:54+00:00\",\"mainEntityOfPage\":{\"@id\":\"https:\\\/\\\/www.berry.net\\\/mex\\\/iniciara-manana-la-feria-dental-en-san-quintin\\\/\"},\"wordCount\":193,\"image\":{\"@id\":\"https:\\\/\\\/www.berry.net\\\/mex\\\/iniciara-manana-la-feria-dental-en-san-quintin\\\/#primaryimage\"},\"thumbnailUrl\":\"https:\\\/\\\/www.berry.net\\\/mex\\\/wp-content\\\/uploads\\\/sites\\\/2\\\/2018\\\/07\\\/feria_dental.jpg\",\"articleSection\":[\"Prensa\"],\"inLanguage\":\"es\"},{\"@type\":\"WebPage\",\"@id\":\"https:\\\/\\\/www.berry.net\\\/mex\\\/iniciara-manana-la-feria-dental-en-san-quintin\\\/\",\"url\":\"https:\\\/\\\/www.berry.net\\\/mex\\\/iniciara-manana-la-feria-dental-en-san-quintin\\\/\",\"name\":\"Iniciar\u00e1 ma\u00f1ana la feria dental en San Quint\u00edn - BerryMex\",\"isPartOf\":{\"@id\":\"https:\\\/\\\/www.berry.net\\\/mex\\\/#website\"},\"primaryImageOfPage\":{\"@id\":\"https:\\\/\\\/www.berry.net\\\/mex\\\/iniciara-manana-la-feria-dental-en-san-quintin\\\/#primaryimage\"},\"image\":{\"@id\":\"https:\\\/\\\/www.berry.net\\\/mex\\\/iniciara-manana-la-feria-dental-en-san-quintin\\\/#primaryimage\"},\"thumbnailUrl\":\"https:\\\/\\\/www.berry.net\\\/mex\\\/wp-content\\\/uploads\\\/sites\\\/2\\\/2018\\\/07\\\/feria_dental.jpg\",\"datePublished\":\"2018-07-26T17:13:54+00:00\",\"author\":{\"@id\":\"https:\\\/\\\/www.berry.net\\\/mex\\\/#\\\/schema\\\/person\\\/d7bc9f5b63434889551c95afe605e18a\"},\"breadcrumb\":{\"@id\":\"https:\\\/\\\/www.berry.net\\\/mex\\\/iniciara-manana-la-feria-dental-en-san-quintin\\\/#breadcrumb\"},\"inLanguage\":\"es\",\"potentialAction\":[{\"@type\":\"ReadAction\",\"target\":[\"https:\\\/\\\/www.berry.net\\\/mex\\\/iniciara-manana-la-feria-dental-en-san-quintin\\\/\"]}]},{\"@type\":\"ImageObject\",\"inLanguage\":\"es\",\"@id\":\"https:\\\/\\\/www.berry.net\\\/mex\\\/iniciara-manana-la-feria-dental-en-san-quintin\\\/#primaryimage\",\"url\":\"https:\\\/\\\/www.berry.net\\\/mex\\\/wp-content\\\/uploads\\\/sites\\\/2\\\/2018\\\/07\\\/feria_dental.jpg\",\"contentUrl\":\"https:\\\/\\\/www.berry.net\\\/mex\\\/wp-content\\\/uploads\\\/sites\\\/2\\\/2018\\\/07\\\/feria_dental.jpg\",\"width\":640,\"height\":414},{\"@type\":\"BreadcrumbList\",\"@id\":\"https:\\\/\\\/www.berry.net\\\/mex\\\/iniciara-manana-la-feria-dental-en-san-quintin\\\/#breadcrumb\",\"itemListElement\":[{\"@type\":\"ListItem\",\"position\":1,\"name\":\"Home\",\"item\":\"https:\\\/\\\/www.berry.net\\\/mex\\\/\"},{\"@type\":\"ListItem\",\"position\":2,\"name\":\"Iniciar\u00e1 ma\u00f1ana la feria dental en San Quint\u00edn\"}]},{\"@type\":\"WebSite\",\"@id\":\"https:\\\/\\\/www.berry.net\\\/mex\\\/#website\",\"url\":\"https:\\\/\\\/www.berry.net\\\/mex\\\/\",\"name\":\"BerryMex\",\"description\":\"\",\"potentialAction\":[{\"@type\":\"SearchAction\",\"target\":{\"@type\":\"EntryPoint\",\"urlTemplate\":\"https:\\\/\\\/www.berry.net\\\/mex\\\/?s={search_term_string}\"},\"query-input\":{\"@type\":\"PropertyValueSpecification\",\"valueRequired\":true,\"valueName\":\"search_term_string\"}}],\"inLanguage\":\"es\"},{\"@type\":\"Person\",\"@id\":\"https:\\\/\\\/www.berry.net\\\/mex\\\/#\\\/schema\\\/person\\\/d7bc9f5b63434889551c95afe605e18a\",\"name\":\"RAC\",\"url\":\"https:\\\/\\\/www.berry.net\\\/mex\\\/author\\\/mari\\\/\"}]}<\/script>\n<!-- \/ Yoast SEO plugin. -->","yoast_head_json":{"title":"Iniciar\u00e1 ma\u00f1ana la feria dental en San Quint\u00edn - BerryMex","robots":{"index":"index","follow":"follow","max-snippet":"max-snippet:-1","max-image-preview":"max-image-preview:large","max-video-preview":"max-video-preview:-1"},"canonical":"https:\/\/www.berry.net\/mex\/iniciara-manana-la-feria-dental-en-san-quintin\/","twitter_misc":{"Escrito por":"RAC","Tiempo de lectura":"1 minuto"},"schema":{"@context":"https:\/\/schema.org","@graph":[{"@type":"Article","@id":"https:\/\/www.berry.net\/mex\/iniciara-manana-la-feria-dental-en-san-quintin\/#article","isPartOf":{"@id":"https:\/\/www.berry.net\/mex\/iniciara-manana-la-feria-dental-en-san-quintin\/"},"author":{"name":"RAC","@id":"https:\/\/www.berry.net\/mex\/#\/schema\/person\/d7bc9f5b63434889551c95afe605e18a"},"headline":"Iniciar\u00e1 ma\u00f1ana la feria dental en San Quint\u00edn","datePublished":"2018-07-26T17:13:54+00:00","mainEntityOfPage":{"@id":"https:\/\/www.berry.net\/mex\/iniciara-manana-la-feria-dental-en-san-quintin\/"},"wordCount":193,"image":{"@id":"https:\/\/www.berry.net\/mex\/iniciara-manana-la-feria-dental-en-san-quintin\/#primaryimage"},"thumbnailUrl":"https:\/\/www.berry.net\/mex\/wp-content\/uploads\/sites\/2\/2018\/07\/feria_dental.jpg","articleSection":["Prensa"],"inLanguage":"es"},{"@type":"WebPage","@id":"https:\/\/www.berry.net\/mex\/iniciara-manana-la-feria-dental-en-san-quintin\/","url":"https:\/\/www.berry.net\/mex\/iniciara-manana-la-feria-dental-en-san-quintin\/","name":"Iniciar\u00e1 ma\u00f1ana la feria dental en San Quint\u00edn - BerryMex","isPartOf":{"@id":"https:\/\/www.berry.net\/mex\/#website"},"primaryImageOfPage":{"@id":"https:\/\/www.berry.net\/mex\/iniciara-manana-la-feria-dental-en-san-quintin\/#primaryimage"},"image":{"@id":"https:\/\/www.berry.net\/mex\/iniciara-manana-la-feria-dental-en-san-quintin\/#primaryimage"},"thumbnailUrl":"https:\/\/www.berry.net\/mex\/wp-content\/uploads\/sites\/2\/2018\/07\/feria_dental.jpg","datePublished":"2018-07-26T17:13:54+00:00","author":{"@id":"https:\/\/www.berry.net\/mex\/#\/schema\/person\/d7bc9f5b63434889551c95afe605e18a"},"breadcrumb":{"@id":"https:\/\/www.berry.net\/mex\/iniciara-manana-la-feria-dental-en-san-quintin\/#breadcrumb"},"inLanguage":"es","potentialAction":[{"@type":"ReadAction","target":["https:\/\/www.berry.net\/mex\/iniciara-manana-la-feria-dental-en-san-quintin\/"]}]},{"@type":"ImageObject","inLanguage":"es","@id":"https:\/\/www.berry.net\/mex\/iniciara-manana-la-feria-dental-en-san-quintin\/#primaryimage","url":"https:\/\/www.berry.net\/mex\/wp-content\/uploads\/sites\/2\/2018\/07\/feria_dental.jpg","contentUrl":"https:\/\/www.berry.net\/mex\/wp-content\/uploads\/sites\/2\/2018\/07\/feria_dental.jpg","width":640,"height":414},{"@type":"BreadcrumbList","@id":"https:\/\/www.berry.net\/mex\/iniciara-manana-la-feria-dental-en-san-quintin\/#breadcrumb","itemListElement":[{"@type":"ListItem","position":1,"name":"Home","item":"https:\/\/www.berry.net\/mex\/"},{"@type":"ListItem","position":2,"name":"Iniciar\u00e1 ma\u00f1ana la feria dental en San Quint\u00edn"}]},{"@type":"WebSite","@id":"https:\/\/www.berry.net\/mex\/#website","url":"https:\/\/www.berry.net\/mex\/","name":"BerryMex","description":"","potentialAction":[{"@type":"SearchAction","target":{"@type":"EntryPoint","urlTemplate":"https:\/\/www.berry.net\/mex\/?s={search_term_string}"},"query-input":{"@type":"PropertyValueSpecification","valueRequired":true,"valueName":"search_term_string"}}],"inLanguage":"es"},{"@type":"Person","@id":"https:\/\/www.berry.net\/mex\/#\/schema\/person\/d7bc9f5b63434889551c95afe605e18a","name":"RAC","url":"https:\/\/www.berry.net\/mex\/author\/mari\/"}]}},"_links":{"self":[{"href":"https:\/\/www.berry.net\/mex\/wp-json\/wp\/v2\/posts\/1935","targetHints":{"allow":["GET"]}}],"collection":[{"href":"https:\/\/www.berry.net\/mex\/wp-json\/wp\/v2\/posts"}],"about":[{"href":"https:\/\/www.berry.net\/mex\/wp-json\/wp\/v2\/types\/post"}],"author":[{"embeddable":true,"href":"https:\/\/www.berry.net\/mex\/wp-json\/wp\/v2\/users\/5"}],"replies":[{"embeddable":true,"href":"https:\/\/www.berry.net\/mex\/wp-json\/wp\/v2\/comments?post=1935"}],"version-history":[{"count":1,"href":"https:\/\/www.berry.net\/mex\/wp-json\/wp\/v2\/posts\/1935\/revisions"}],"predecessor-version":[{"id":1938,"href":"https:\/\/www.berry.net\/mex\/wp-json\/wp\/v2\/posts\/1935\/revisions\/1938"}],"wp:featuredmedia":[{"embeddable":true,"href":"https:\/\/www.berry.net\/mex\/wp-json\/wp\/v2\/media\/1937"}],"wp:attachment":[{"href":"https:\/\/www.berry.net\/mex\/wp-json\/wp\/v2\/media?parent=1935"}],"wp:term":[{"taxonomy":"category","embeddable":true,"href":"https:\/\/www.berry.net\/mex\/wp-json\/wp\/v2\/categories?post=1935"},{"taxonomy":"post_tag","embeddable":true,"href":"https:\/\/www.berry.net\/mex\/wp-json\/wp\/v2\/tags?post=1935"}],"curies":[{"name":"wp","href":"https:\/\/api.w.org\/{rel}","templated":true}]}}