{"id":1383,"date":"2015-12-23T09:30:41","date_gmt":"2015-12-23T17:30:41","guid":{"rendered":"http:\/\/mex.20.83.180.136.nip.io\/?post_type=noticia&#038;p=1383"},"modified":"2016-08-06T16:55:14","modified_gmt":"2016-08-06T23:55:14","slug":"berrymex-anuncia-construccion-de-unidad-residencial-para-jornaleros-foraneos","status":"publish","type":"post","link":"https:\/\/www.berry.net\/mex\/berrymex-anuncia-construccion-de-unidad-residencial-para-jornaleros-foraneos\/","title":{"rendered":"Berrymex anuncia construcci\u00f3n de unidad residencial para jornaleros for\u00e1neos"},"content":{"rendered":"<p>Vicente Guerrero, 23 de diciembre.- La empresa agr\u00edcola BerryMex anunci\u00f3 \u00a0que el pr\u00f3ximo a\u00f1o espera construir un nuevo m\u00f3dulo habitacional para sus trabajadores for\u00e1neos, a fin de brindar mayores prestaciones a quienes deciden trasladarse temporalmente del interior de la Rep\u00fablica al Valle de San Quint\u00edn.<\/p>\n<p>El subdirector de Recursos Humanos de la BerryMex,\u00a0Jos\u00e9 de Jes\u00fas Casas Amador,\u00a0manifest\u00f3 que la idea de la compa\u00f1\u00eda es construir una zona residencial similar a la que ya opera en la colonia Vicente Guerrero.<\/p>\n<p>Este n\u00facleo habitacional, llamado Villa de las Fresas, consiste en una superficie de dos hect\u00e1reas en donde hay 68 viviendas, cada una de las cuales brinda hospedaje a ocho jornaleros temporales -544 por temporada- que en su totalidad provienen de los estados de Veracruz \u00a0y Puebla.<\/p>\n<p>Cada casa cuenta con una zona com\u00fan de cocina, comedor, \u00e1rea de lavado y tendido de ropa, as\u00ed como dos ba\u00f1os comunitarios en su interior.<\/p>\n<p>La unidad por su parte cuenta con espacios de recreo y comedores colectivos, un \u00e1rea de nutrici\u00f3n, un consultorio m\u00e9dico, seguridad privada, planta de tratamiento de aguas negras, \u00e1reas verdes y campos deportivos.<\/p>\n<p>La comida en el comedor colectivo se cobra a 17 pesos por persona, adem\u00e1s de que se da el servicio de tienda comercial en donde los precios son similares a los que se encuentran en el resto del valle agr\u00edcola e incluso algunos m\u00e1s baratos.<\/p>\n<p>La empresa, dijo Casas Amador, emplea a cuatro mil 600 trabajadores en temporada fuerte de siembra y cosecha de fresa, ar\u00e1ndano, frambuesa y otras moras, o frutillas, que se producen en el valle. La mayor\u00eda se contrata directamente con los jornaleros que viven de manera permanente en el valle.<\/p>\n<p>Destac\u00f3 que existe una diferencia importante entre las viviendas que ofrece BerryMex \u00a0a sus trabajadores for\u00e1neos y las de otros ranchos, por lo que la compa\u00f1\u00eda buscar\u00e1 construir otra unidad similar a Villa de Las Fresas, con las mismas caracter\u00edsticas, en 2016.<\/p>\n<p>Pie de foto: El\u00a0n\u00facleo habitacional Villa de las Fresas consiste \u00a068 viviendas para hospedar a ocho jornaleros temporales cada una -544 por temporada- que en su totalidad provienen de los estados de Veracruz \u00a0y Puebla.<\/p>\n","protected":false},"excerpt":{"rendered":"<p>Vicente Guerrero, 23 de diciembre.- La empresa agr\u00edcola BerryMex anunci\u00f3 \u00a0que el pr\u00f3ximo a\u00f1o espera construir un nuevo m\u00f3dulo habitacional para sus trabajadores for\u00e1neos, a fin de brindar mayores prestaciones a quienes deciden trasladarse temporalmente [&hellip;] <a class=\"read-more\" href=\"https:\/\/www.berry.net\/mex\/berrymex-anuncia-construccion-de-unidad-residencial-para-jornaleros-foraneos\/\">Leer mas<\/a><\/p>\n","protected":false},"author":5,"featured_media":1392,"comment_status":"closed","ping_status":"closed","sticky":false,"template":"","format":"standard","meta":{"footnotes":""},"categories":[50],"tags":[],"class_list":["post-1383","post","type-post","status-publish","format-standard","has-post-thumbnail","hentry","category-prensa","wpautop"],"yoast_head":"<!-- This site is optimized with the Yoast SEO plugin v27.9 - https:\/\/yoast.com\/product\/yoast-seo-wordpress\/ -->\n<title>Berrymex anuncia construcci\u00f3n de unidad residencial para jornaleros for\u00e1neos - BerryMex<\/title>\n<meta name=\"robots\" content=\"index, follow, max-snippet:-1, max-image-preview:large, max-video-preview:-1\" \/>\n<link rel=\"canonical\" href=\"https:\/\/www.berry.net\/mex\/berrymex-anuncia-construccion-de-unidad-residencial-para-jornaleros-foraneos\/\" \/>\n<meta name=\"twitter:label1\" content=\"Escrito por\" \/>\n\t<meta name=\"twitter:data1\" content=\"RAC\" \/>\n\t<meta name=\"twitter:label2\" content=\"Tiempo de lectura\" \/>\n\t<meta name=\"twitter:data2\" content=\"2 minutos\" \/>\n<script type=\"application\/ld+json\" class=\"yoast-schema-graph\">{\"@context\":\"https:\\\/\\\/schema.org\",\"@graph\":[{\"@type\":\"Article\",\"@id\":\"https:\\\/\\\/www.berry.net\\\/mex\\\/berrymex-anuncia-construccion-de-unidad-residencial-para-jornaleros-foraneos\\\/#article\",\"isPartOf\":{\"@id\":\"https:\\\/\\\/www.berry.net\\\/mex\\\/berrymex-anuncia-construccion-de-unidad-residencial-para-jornaleros-foraneos\\\/\"},\"author\":{\"name\":\"RAC\",\"@id\":\"https:\\\/\\\/www.berry.net\\\/mex\\\/#\\\/schema\\\/person\\\/d7bc9f5b63434889551c95afe605e18a\"},\"headline\":\"Berrymex anuncia construcci\u00f3n de unidad residencial para jornaleros for\u00e1neos\",\"datePublished\":\"2015-12-23T17:30:41+00:00\",\"dateModified\":\"2016-08-06T23:55:14+00:00\",\"mainEntityOfPage\":{\"@id\":\"https:\\\/\\\/www.berry.net\\\/mex\\\/berrymex-anuncia-construccion-de-unidad-residencial-para-jornaleros-foraneos\\\/\"},\"wordCount\":387,\"image\":{\"@id\":\"https:\\\/\\\/www.berry.net\\\/mex\\\/berrymex-anuncia-construccion-de-unidad-residencial-para-jornaleros-foraneos\\\/#primaryimage\"},\"thumbnailUrl\":\"https:\\\/\\\/www.berry.net\\\/mex\\\/wp-content\\\/uploads\\\/sites\\\/2\\\/2015\\\/12\\\/villa-de-las-fresas.jpg\",\"articleSection\":[\"Prensa\"],\"inLanguage\":\"es\"},{\"@type\":\"WebPage\",\"@id\":\"https:\\\/\\\/www.berry.net\\\/mex\\\/berrymex-anuncia-construccion-de-unidad-residencial-para-jornaleros-foraneos\\\/\",\"url\":\"https:\\\/\\\/www.berry.net\\\/mex\\\/berrymex-anuncia-construccion-de-unidad-residencial-para-jornaleros-foraneos\\\/\",\"name\":\"Berrymex anuncia construcci\u00f3n de unidad residencial para jornaleros for\u00e1neos - BerryMex\",\"isPartOf\":{\"@id\":\"https:\\\/\\\/www.berry.net\\\/mex\\\/#website\"},\"primaryImageOfPage\":{\"@id\":\"https:\\\/\\\/www.berry.net\\\/mex\\\/berrymex-anuncia-construccion-de-unidad-residencial-para-jornaleros-foraneos\\\/#primaryimage\"},\"image\":{\"@id\":\"https:\\\/\\\/www.berry.net\\\/mex\\\/berrymex-anuncia-construccion-de-unidad-residencial-para-jornaleros-foraneos\\\/#primaryimage\"},\"thumbnailUrl\":\"https:\\\/\\\/www.berry.net\\\/mex\\\/wp-content\\\/uploads\\\/sites\\\/2\\\/2015\\\/12\\\/villa-de-las-fresas.jpg\",\"datePublished\":\"2015-12-23T17:30:41+00:00\",\"dateModified\":\"2016-08-06T23:55:14+00:00\",\"author\":{\"@id\":\"https:\\\/\\\/www.berry.net\\\/mex\\\/#\\\/schema\\\/person\\\/d7bc9f5b63434889551c95afe605e18a\"},\"breadcrumb\":{\"@id\":\"https:\\\/\\\/www.berry.net\\\/mex\\\/berrymex-anuncia-construccion-de-unidad-residencial-para-jornaleros-foraneos\\\/#breadcrumb\"},\"inLanguage\":\"es\",\"potentialAction\":[{\"@type\":\"ReadAction\",\"target\":[\"https:\\\/\\\/www.berry.net\\\/mex\\\/berrymex-anuncia-construccion-de-unidad-residencial-para-jornaleros-foraneos\\\/\"]}]},{\"@type\":\"ImageObject\",\"inLanguage\":\"es\",\"@id\":\"https:\\\/\\\/www.berry.net\\\/mex\\\/berrymex-anuncia-construccion-de-unidad-residencial-para-jornaleros-foraneos\\\/#primaryimage\",\"url\":\"https:\\\/\\\/www.berry.net\\\/mex\\\/wp-content\\\/uploads\\\/sites\\\/2\\\/2015\\\/12\\\/villa-de-las-fresas.jpg\",\"contentUrl\":\"https:\\\/\\\/www.berry.net\\\/mex\\\/wp-content\\\/uploads\\\/sites\\\/2\\\/2015\\\/12\\\/villa-de-las-fresas.jpg\",\"width\":640,\"height\":414},{\"@type\":\"BreadcrumbList\",\"@id\":\"https:\\\/\\\/www.berry.net\\\/mex\\\/berrymex-anuncia-construccion-de-unidad-residencial-para-jornaleros-foraneos\\\/#breadcrumb\",\"itemListElement\":[{\"@type\":\"ListItem\",\"position\":1,\"name\":\"Home\",\"item\":\"https:\\\/\\\/www.berry.net\\\/mex\\\/\"},{\"@type\":\"ListItem\",\"position\":2,\"name\":\"Berrymex anuncia construcci\u00f3n de unidad residencial para jornaleros for\u00e1neos\"}]},{\"@type\":\"WebSite\",\"@id\":\"https:\\\/\\\/www.berry.net\\\/mex\\\/#website\",\"url\":\"https:\\\/\\\/www.berry.net\\\/mex\\\/\",\"name\":\"BerryMex\",\"description\":\"\",\"potentialAction\":[{\"@type\":\"SearchAction\",\"target\":{\"@type\":\"EntryPoint\",\"urlTemplate\":\"https:\\\/\\\/www.berry.net\\\/mex\\\/?s={search_term_string}\"},\"query-input\":{\"@type\":\"PropertyValueSpecification\",\"valueRequired\":true,\"valueName\":\"search_term_string\"}}],\"inLanguage\":\"es\"},{\"@type\":\"Person\",\"@id\":\"https:\\\/\\\/www.berry.net\\\/mex\\\/#\\\/schema\\\/person\\\/d7bc9f5b63434889551c95afe605e18a\",\"name\":\"RAC\",\"url\":\"https:\\\/\\\/www.berry.net\\\/mex\\\/author\\\/mari\\\/\"}]}<\/script>\n<!-- \/ Yoast SEO plugin. -->","yoast_head_json":{"title":"Berrymex anuncia construcci\u00f3n de unidad residencial para jornaleros for\u00e1neos - BerryMex","robots":{"index":"index","follow":"follow","max-snippet":"max-snippet:-1","max-image-preview":"max-image-preview:large","max-video-preview":"max-video-preview:-1"},"canonical":"https:\/\/www.berry.net\/mex\/berrymex-anuncia-construccion-de-unidad-residencial-para-jornaleros-foraneos\/","twitter_misc":{"Escrito por":"RAC","Tiempo de lectura":"2 minutos"},"schema":{"@context":"https:\/\/schema.org","@graph":[{"@type":"Article","@id":"https:\/\/www.berry.net\/mex\/berrymex-anuncia-construccion-de-unidad-residencial-para-jornaleros-foraneos\/#article","isPartOf":{"@id":"https:\/\/www.berry.net\/mex\/berrymex-anuncia-construccion-de-unidad-residencial-para-jornaleros-foraneos\/"},"author":{"name":"RAC","@id":"https:\/\/www.berry.net\/mex\/#\/schema\/person\/d7bc9f5b63434889551c95afe605e18a"},"headline":"Berrymex anuncia construcci\u00f3n de unidad residencial para jornaleros for\u00e1neos","datePublished":"2015-12-23T17:30:41+00:00","dateModified":"2016-08-06T23:55:14+00:00","mainEntityOfPage":{"@id":"https:\/\/www.berry.net\/mex\/berrymex-anuncia-construccion-de-unidad-residencial-para-jornaleros-foraneos\/"},"wordCount":387,"image":{"@id":"https:\/\/www.berry.net\/mex\/berrymex-anuncia-construccion-de-unidad-residencial-para-jornaleros-foraneos\/#primaryimage"},"thumbnailUrl":"https:\/\/www.berry.net\/mex\/wp-content\/uploads\/sites\/2\/2015\/12\/villa-de-las-fresas.jpg","articleSection":["Prensa"],"inLanguage":"es"},{"@type":"WebPage","@id":"https:\/\/www.berry.net\/mex\/berrymex-anuncia-construccion-de-unidad-residencial-para-jornaleros-foraneos\/","url":"https:\/\/www.berry.net\/mex\/berrymex-anuncia-construccion-de-unidad-residencial-para-jornaleros-foraneos\/","name":"Berrymex anuncia construcci\u00f3n de unidad residencial para jornaleros for\u00e1neos - BerryMex","isPartOf":{"@id":"https:\/\/www.berry.net\/mex\/#website"},"primaryImageOfPage":{"@id":"https:\/\/www.berry.net\/mex\/berrymex-anuncia-construccion-de-unidad-residencial-para-jornaleros-foraneos\/#primaryimage"},"image":{"@id":"https:\/\/www.berry.net\/mex\/berrymex-anuncia-construccion-de-unidad-residencial-para-jornaleros-foraneos\/#primaryimage"},"thumbnailUrl":"https:\/\/www.berry.net\/mex\/wp-content\/uploads\/sites\/2\/2015\/12\/villa-de-las-fresas.jpg","datePublished":"2015-12-23T17:30:41+00:00","dateModified":"2016-08-06T23:55:14+00:00","author":{"@id":"https:\/\/www.berry.net\/mex\/#\/schema\/person\/d7bc9f5b63434889551c95afe605e18a"},"breadcrumb":{"@id":"https:\/\/www.berry.net\/mex\/berrymex-anuncia-construccion-de-unidad-residencial-para-jornaleros-foraneos\/#breadcrumb"},"inLanguage":"es","potentialAction":[{"@type":"ReadAction","target":["https:\/\/www.berry.net\/mex\/berrymex-anuncia-construccion-de-unidad-residencial-para-jornaleros-foraneos\/"]}]},{"@type":"ImageObject","inLanguage":"es","@id":"https:\/\/www.berry.net\/mex\/berrymex-anuncia-construccion-de-unidad-residencial-para-jornaleros-foraneos\/#primaryimage","url":"https:\/\/www.berry.net\/mex\/wp-content\/uploads\/sites\/2\/2015\/12\/villa-de-las-fresas.jpg","contentUrl":"https:\/\/www.berry.net\/mex\/wp-content\/uploads\/sites\/2\/2015\/12\/villa-de-las-fresas.jpg","width":640,"height":414},{"@type":"BreadcrumbList","@id":"https:\/\/www.berry.net\/mex\/berrymex-anuncia-construccion-de-unidad-residencial-para-jornaleros-foraneos\/#breadcrumb","itemListElement":[{"@type":"ListItem","position":1,"name":"Home","item":"https:\/\/www.berry.net\/mex\/"},{"@type":"ListItem","position":2,"name":"Berrymex anuncia construcci\u00f3n de unidad residencial para jornaleros for\u00e1neos"}]},{"@type":"WebSite","@id":"https:\/\/www.berry.net\/mex\/#website","url":"https:\/\/www.berry.net\/mex\/","name":"BerryMex","description":"","potentialAction":[{"@type":"SearchAction","target":{"@type":"EntryPoint","urlTemplate":"https:\/\/www.berry.net\/mex\/?s={search_term_string}"},"query-input":{"@type":"PropertyValueSpecification","valueRequired":true,"valueName":"search_term_string"}}],"inLanguage":"es"},{"@type":"Person","@id":"https:\/\/www.berry.net\/mex\/#\/schema\/person\/d7bc9f5b63434889551c95afe605e18a","name":"RAC","url":"https:\/\/www.berry.net\/mex\/author\/mari\/"}]}},"_links":{"self":[{"href":"https:\/\/www.berry.net\/mex\/wp-json\/wp\/v2\/posts\/1383","targetHints":{"allow":["GET"]}}],"collection":[{"href":"https:\/\/www.berry.net\/mex\/wp-json\/wp\/v2\/posts"}],"about":[{"href":"https:\/\/www.berry.net\/mex\/wp-json\/wp\/v2\/types\/post"}],"author":[{"embeddable":true,"href":"https:\/\/www.berry.net\/mex\/wp-json\/wp\/v2\/users\/5"}],"replies":[{"embeddable":true,"href":"https:\/\/www.berry.net\/mex\/wp-json\/wp\/v2\/comments?post=1383"}],"version-history":[{"count":1,"href":"https:\/\/www.berry.net\/mex\/wp-json\/wp\/v2\/posts\/1383\/revisions"}],"predecessor-version":[{"id":1385,"href":"https:\/\/www.berry.net\/mex\/wp-json\/wp\/v2\/posts\/1383\/revisions\/1385"}],"wp:featuredmedia":[{"embeddable":true,"href":"https:\/\/www.berry.net\/mex\/wp-json\/wp\/v2\/media\/1392"}],"wp:attachment":[{"href":"https:\/\/www.berry.net\/mex\/wp-json\/wp\/v2\/media?parent=1383"}],"wp:term":[{"taxonomy":"category","embeddable":true,"href":"https:\/\/www.berry.net\/mex\/wp-json\/wp\/v2\/categories?post=1383"},{"taxonomy":"post_tag","embeddable":true,"href":"https:\/\/www.berry.net\/mex\/wp-json\/wp\/v2\/tags?post=1383"}],"curies":[{"name":"wp","href":"https:\/\/api.w.org\/{rel}","templated":true}]}}